{"id":88,"date":"2014-01-11T13:43:14","date_gmt":"2014-01-11T12:43:14","guid":{"rendered":"http:\/\/nicolasduclos.fr\/WordPress3\/?p=88"},"modified":"2014-01-11T14:19:58","modified_gmt":"2014-01-11T13:19:58","slug":"concert-du-9-janvier-au-forum-leo-ferre-un-immense-merci","status":"publish","type":"post","link":"https:\/\/nicolasduclos.fr\/WordPress3\/2014\/01\/concert-du-9-janvier-au-forum-leo-ferre-un-immense-merci\/","title":{"rendered":"Concert du 9 janvier au Forum L\u00e9o Ferr\u00e9 : un immense merci !"},"content":{"rendered":"<p>Un immense merci \u00e0 vous tous qui \u00eates venus hier soir (jeudi 9 janvier) dans un forum L\u00e9o Ferr\u00e9 bond\u00e9, chaleureux, r\u00e9ceptif, joyeux, g\u00e9n\u00e9reux, bref, le public avait du g\u00e9nie hier soir, pour mon co-plateau avec\u00a0Pascal Olivese. Je vous embrasse tous tr\u00e8s chaleureusement. Merci de nous avoir fait cette f\u00eate. Et je passe le bonjour aux personnes qui \u00e9taient avec nous par la pens\u00e9e.<\/p>\n<p><a href=\"http:\/\/nicolasduclos.fr\/WordPress3\/wp-content\/uploads\/2013\/12\/nicolasduclos_pascalolivese_concert9janvier2014_forumleoferre_flyer.jpg\"><img loading=\"lazy\" decoding=\"async\" class=\"alignnone size-medium wp-image-15\" alt=\"nicolasduclos_pascalolivese_concert9janvier2014_forumleoferre_flyer\" src=\"http:\/\/nicolasduclos.fr\/WordPress3\/wp-content\/uploads\/2013\/12\/nicolasduclos_pascalolivese_concert9janvier2014_forumleoferre_flyer-300x212.jpg\" width=\"300\" height=\"212\" srcset=\"https:\/\/nicolasduclos.fr\/WordPress3\/wp-content\/uploads\/2013\/12\/nicolasduclos_pascalolivese_concert9janvier2014_forumleoferre_flyer-300x212.jpg 300w, https:\/\/nicolasduclos.fr\/WordPress3\/wp-content\/uploads\/2013\/12\/nicolasduclos_pascalolivese_concert9janvier2014_forumleoferre_flyer.jpg 874w\" sizes=\"auto, (max-width: 300px) 100vw, 300px\" \/><\/a><\/p>\n","protected":false},"excerpt":{"rendered":"<p>Un immense merci \u00e0 vous tous qui \u00eates venus hier soir (jeudi 9 janvier) dans un forum L\u00e9o Ferr\u00e9 bond\u00e9, chaleureux, r\u00e9ceptif, joyeux, g\u00e9n\u00e9reux, bref, le public avait du g\u00e9nie [&hellip;]<\/p>\n","protected":false},"author":1,"featured_media":0,"comment_status":"open","ping_status":"open","sticky":false,"template":"","format":"standard","meta":{"_EventAllDay":false,"_EventTimezone":"","_EventStartDate":"","_EventEndDate":"","_EventStartDateUTC":"","_EventEndDateUTC":"","_EventShowMap":false,"_EventShowMapLink":false,"_EventURL":"","_EventCost":"","_EventCostDescription":"","_EventCurrencySymbol":"","_EventCurrencyCode":"","_EventCurrencyPosition":"","_EventDateTimeSeparator":"","_EventTimeRangeSeparator":"","_EventOrganizerID":[],"_EventVenueID":[],"_OrganizerEmail":"","_OrganizerPhone":"","_OrganizerWebsite":"","_VenueAddress":"","_VenueCity":"","_VenueCountry":"","_VenueProvince":"","_VenueState":"","_VenueZip":"","_VenuePhone":"","_VenueURL":"","_VenueStateProvince":"","_VenueLat":"","_VenueLng":"","_VenueShowMap":false,"_VenueShowMapLink":false,"footnotes":""},"categories":[1],"tags":[],"class_list":["post-88","post","type-post","status-publish","format-standard","hentry","category-uncategorized"],"_links":{"self":[{"href":"https:\/\/nicolasduclos.fr\/WordPress3\/wp-json\/wp\/v2\/posts\/88","targetHints":{"allow":["GET"]}}],"collection":[{"href":"https:\/\/nicolasduclos.fr\/WordPress3\/wp-json\/wp\/v2\/posts"}],"about":[{"href":"https:\/\/nicolasduclos.fr\/WordPress3\/wp-json\/wp\/v2\/types\/post"}],"author":[{"embeddable":true,"href":"https:\/\/nicolasduclos.fr\/WordPress3\/wp-json\/wp\/v2\/users\/1"}],"replies":[{"embeddable":true,"href":"https:\/\/nicolasduclos.fr\/WordPress3\/wp-json\/wp\/v2\/comments?post=88"}],"version-history":[{"count":3,"href":"https:\/\/nicolasduclos.fr\/WordPress3\/wp-json\/wp\/v2\/posts\/88\/revisions"}],"predecessor-version":[{"id":91,"href":"https:\/\/nicolasduclos.fr\/WordPress3\/wp-json\/wp\/v2\/posts\/88\/revisions\/91"}],"wp:attachment":[{"href":"https:\/\/nicolasduclos.fr\/WordPress3\/wp-json\/wp\/v2\/media?parent=88"}],"wp:term":[{"taxonomy":"category","embeddable":true,"href":"https:\/\/nicolasduclos.fr\/WordPress3\/wp-json\/wp\/v2\/categories?post=88"},{"taxonomy":"post_tag","embeddable":true,"href":"https:\/\/nicolasduclos.fr\/WordPress3\/wp-json\/wp\/v2\/tags?post=88"}],"curies":[{"name":"wp","href":"https:\/\/api.w.org\/{rel}","templated":true}]}}