{"id":497,"date":"2018-02-11T12:35:47","date_gmt":"2018-02-11T11:35:47","guid":{"rendered":"http:\/\/nicolasduclos.fr\/WordPress3\/?p=497"},"modified":"2018-02-12T12:37:57","modified_gmt":"2018-02-12T11:37:57","slug":"un-tremplin-la-vie-en-vrai-un-nouvel-album-et-un-trio-qui-naissent","status":"publish","type":"post","link":"https:\/\/nicolasduclos.fr\/WordPress3\/2018\/02\/un-tremplin-la-vie-en-vrai-un-nouvel-album-et-un-trio-qui-naissent\/","title":{"rendered":"Un tremplin, la vie en vrai, un nouvel album et un trio qui naissent"},"content":{"rendered":"<p>Bonjour,<\/p>\n<p>Beaucoup de bonnes nouvelles \u00e0 partager avec vous en ce d\u00e9but d&rsquo;ann\u00e9e.<\/p>\n<p>Je suis s\u00e9lectionn\u00e9 pour participer au tremplin \u00ab\u00a0A nos chanson\u00a0\u00bb organis\u00e9 par Initiatives chansons, pour les \u00e9liminatoires du 6 mars, avec 13 autres artistes \u00e0 d\u00e9couvrir. C&rsquo;est complet, mais, si je suis s\u00e9lectionn\u00e9 par la finale du 19 mars, je compte sur vous pour venir me\/nous encourager. Pour r\u00e9server pour la finale c&rsquo;est ici :\u00a0<a href=\"https:\/\/www.weezevent.com\/a-nos-chansons-le-tremplin\" target=\"_blank\" data-saferedirecturl=\"https:\/\/www.google.com\/url?hl=fr&amp;q=https:\/\/www.weezevent.com\/a-nos-chansons-le-tremplin&amp;source=gmail&amp;ust=1518521591413000&amp;usg=AFQjCNHzGi0ucXel4WY46CAk4uFYdkMUww\">https:\/\/www.weezevent.com\/a-<wbr \/>nos-chansons-le-tremplin<\/a><\/p>\n<p><a href=\"http:\/\/nicolasduclos.fr\/WordPress3\/wp-content\/uploads\/2013\/12\/webflyer-\u00e0-nos-chansons.jpg\"><img loading=\"lazy\" decoding=\"async\" class=\"aligncenter size-medium wp-image-495\" alt=\"webflyer \u00e0 nos chansons\" src=\"http:\/\/nicolasduclos.fr\/WordPress3\/wp-content\/uploads\/2013\/12\/webflyer-\u00e0-nos-chansons-300x157.jpg\" width=\"300\" height=\"157\" srcset=\"https:\/\/nicolasduclos.fr\/WordPress3\/wp-content\/uploads\/2013\/12\/webflyer-\u00e0-nos-chansons-300x157.jpg 300w, https:\/\/nicolasduclos.fr\/WordPress3\/wp-content\/uploads\/2013\/12\/webflyer-\u00e0-nos-chansons.jpg 954w\" sizes=\"auto, (max-width: 300px) 100vw, 300px\" \/><\/a><\/p>\n<p>En attendant nous pr\u00e9parons la repr\u00e9sentation du spectacle \u00ab\u00a0La vie en vrai\u00a0\u00bb o\u00f9 Lise Martin et moi chantons des chansons d&rsquo;Anne Sylvestre :<\/p>\n<p><a href=\"http:\/\/nicolasduclos.fr\/WordPress3\/wp-content\/uploads\/2013\/12\/Flyer-Nicolas-LiseM-fe\u0301vrier-recto-page-001.jpg\"><img loading=\"lazy\" decoding=\"async\" class=\"aligncenter size-medium wp-image-494\" alt=\"Flyer Nicolas-LiseM-fe\u0301vrier-recto-page-001\" src=\"http:\/\/nicolasduclos.fr\/WordPress3\/wp-content\/uploads\/2013\/12\/Flyer-Nicolas-LiseM-fe\u0301vrier-recto-page-001-214x300.jpg\" width=\"214\" height=\"300\" srcset=\"https:\/\/nicolasduclos.fr\/WordPress3\/wp-content\/uploads\/2013\/12\/Flyer-Nicolas-LiseM-fe\u0301vrier-recto-page-001-214x300.jpg 214w, https:\/\/nicolasduclos.fr\/WordPress3\/wp-content\/uploads\/2013\/12\/Flyer-Nicolas-LiseM-fe\u0301vrier-recto-page-001-732x1024.jpg 732w, https:\/\/nicolasduclos.fr\/WordPress3\/wp-content\/uploads\/2013\/12\/Flyer-Nicolas-LiseM-fe\u0301vrier-recto-page-001.jpg 1276w\" sizes=\"auto, (max-width: 214px) 100vw, 214px\" \/><\/a><\/p>\n<p>Et enfin avec L\u00e9o Varnet et Benjamin Chabert nous pr\u00e9parons notre premier concert complet en trio qui aura lieu le vendredi 20 avril au Forum L\u00e9o Ferr\u00e9. Ce sera aussi l&rsquo;occasion de f\u00eater la sortie de mon nouvel album, enregistr\u00e9 le 18 mai dernier au m\u00eame endroit (en solo et en duo pour quelques morceaux).<\/p>\n<p>Pour des infos plus compl\u00e8tes sur tous mes concerts des prochains mois, rendez-vous ici :\u00a0<a href=\"http:\/\/nicolasduclos.fr\/WordPress3\/infosconcerts\/\">http:\/\/nicolasduclos.fr\/WordPress3\/infosconcerts\/<\/a>\u00a0.<\/p>\n<p>A tr\u00e8s bient\u00f4t !<\/p>\n<p>&nbsp;<\/p>\n<p>Nicolas<\/p>\n","protected":false},"excerpt":{"rendered":"<p>Bonjour, Beaucoup de bonnes nouvelles \u00e0 partager avec vous en ce d\u00e9but d&rsquo;ann\u00e9e. Je suis s\u00e9lectionn\u00e9 pour participer au tremplin \u00ab\u00a0A nos chanson\u00a0\u00bb organis\u00e9 par Initiatives chansons, pour les \u00e9liminatoires [&hellip;]<\/p>\n","protected":false},"author":1,"featured_media":0,"comment_status":"closed","ping_status":"open","sticky":false,"template":"","format":"standard","meta":{"_EventAllDay":false,"_EventTimezone":"","_EventStartDate":"","_EventEndDate":"","_EventStartDateUTC":"","_EventEndDateUTC":"","_EventShowMap":false,"_EventShowMapLink":false,"_EventURL":"","_EventCost":"","_EventCostDescription":"","_EventCurrencySymbol":"","_EventCurrencyCode":"","_EventCurrencyPosition":"","_EventDateTimeSeparator":"","_EventTimeRangeSeparator":"","_EventOrganizerID":[],"_EventVenueID":[],"_OrganizerEmail":"","_OrganizerPhone":"","_OrganizerWebsite":"","_VenueAddress":"","_VenueCity":"","_VenueCountry":"","_VenueProvince":"","_VenueState":"","_VenueZip":"","_VenuePhone":"","_VenueURL":"","_VenueStateProvince":"","_VenueLat":"","_VenueLng":"","_VenueShowMap":false,"_VenueShowMapLink":false,"footnotes":""},"categories":[1],"tags":[],"class_list":["post-497","post","type-post","status-publish","format-standard","hentry","category-uncategorized"],"_links":{"self":[{"href":"https:\/\/nicolasduclos.fr\/WordPress3\/wp-json\/wp\/v2\/posts\/497","targetHints":{"allow":["GET"]}}],"collection":[{"href":"https:\/\/nicolasduclos.fr\/WordPress3\/wp-json\/wp\/v2\/posts"}],"about":[{"href":"https:\/\/nicolasduclos.fr\/WordPress3\/wp-json\/wp\/v2\/types\/post"}],"author":[{"embeddable":true,"href":"https:\/\/nicolasduclos.fr\/WordPress3\/wp-json\/wp\/v2\/users\/1"}],"replies":[{"embeddable":true,"href":"https:\/\/nicolasduclos.fr\/WordPress3\/wp-json\/wp\/v2\/comments?post=497"}],"version-history":[{"count":2,"href":"https:\/\/nicolasduclos.fr\/WordPress3\/wp-json\/wp\/v2\/posts\/497\/revisions"}],"predecessor-version":[{"id":499,"href":"https:\/\/nicolasduclos.fr\/WordPress3\/wp-json\/wp\/v2\/posts\/497\/revisions\/499"}],"wp:attachment":[{"href":"https:\/\/nicolasduclos.fr\/WordPress3\/wp-json\/wp\/v2\/media?parent=497"}],"wp:term":[{"taxonomy":"category","embeddable":true,"href":"https:\/\/nicolasduclos.fr\/WordPress3\/wp-json\/wp\/v2\/categories?post=497"},{"taxonomy":"post_tag","embeddable":true,"href":"https:\/\/nicolasduclos.fr\/WordPress3\/wp-json\/wp\/v2\/tags?post=497"}],"curies":[{"name":"wp","href":"https:\/\/api.w.org\/{rel}","templated":true}]}}