{"id":471,"date":"2017-08-21T22:17:16","date_gmt":"2017-08-21T20:17:16","guid":{"rendered":"http:\/\/nicolasduclos.fr\/WordPress3\/?p=471"},"modified":"2017-10-28T14:45:22","modified_gmt":"2017-10-28T12:45:22","slug":"rendez-vous-a-montmartre-a-lautomne-mais-pas-que","status":"publish","type":"post","link":"https:\/\/nicolasduclos.fr\/WordPress3\/2017\/08\/rendez-vous-a-montmartre-a-lautomne-mais-pas-que\/","title":{"rendered":"Rendez-vous \u00e0 Montmartre \u00e0 l&rsquo;automne, mais pas que"},"content":{"rendered":"<p>Cet automne, je vous donne rendez-vous pour 3 concerts au<strong>\u00a0Petit Th\u00e9\u00e2tre du bonheur (<a title=\"http:\/\/www.petittheatredubonheur.com\" href=\"http:\/\/www.petittheatredubonheur.com\">http:\/\/www.petittheatredubonheur.com\/<\/a><\/strong>)\u00a0en plein c\u0153ur de Montmartre, \u00e0 chaque fois en co-plateau avec un artiste que j&rsquo;aime :<\/p>\n<p><a href=\"http:\/\/nicolasduclos.fr\/WordPress3\/wp-content\/uploads\/2017\/08\/NOTCHENICOAFFpetitbonheur.jpg\"><img loading=\"lazy\" decoding=\"async\" class=\"aligncenter size-medium wp-image-475\" alt=\"NOTCHENICOAFFpetitbonheur\" src=\"http:\/\/nicolasduclos.fr\/WordPress3\/wp-content\/uploads\/2017\/08\/NOTCHENICOAFFpetitbonheur-212x300.jpg\" width=\"212\" height=\"300\" srcset=\"https:\/\/nicolasduclos.fr\/WordPress3\/wp-content\/uploads\/2017\/08\/NOTCHENICOAFFpetitbonheur-212x300.jpg 212w, https:\/\/nicolasduclos.fr\/WordPress3\/wp-content\/uploads\/2017\/08\/NOTCHENICOAFFpetitbonheur-724x1024.jpg 724w, https:\/\/nicolasduclos.fr\/WordPress3\/wp-content\/uploads\/2017\/08\/NOTCHENICOAFFpetitbonheur.jpg 1588w\" sizes=\"auto, (max-width: 212px) 100vw, 212px\" \/><\/a><\/p>\n<ul>\n<li><strong>samedi 30 septembre<\/strong>\u00a02017\u00a0\u00e0\u00a0<strong>20h30\u00a0<\/strong>:\u00a0Co-plateau avec\u00a0<strong>JBNotch\u00e9<\/strong>\u00a0(<a title=\"jbnotche.com\/\" href=\"http:\/\/jbnotche.com\/\">http:\/\/jbnotche.com\/<\/a>)<\/li>\n<li><strong>samedi 28 octobre<\/strong>\u00a0\u00a02017 \u00e0\u00a0<strong>20h30<strong>\u00a0<\/strong><\/strong>:\u00a0Co-plateau avec\u00a0<strong>Lily Luca<\/strong>\u00a0(<a title=\"Site de Lily Luca\" href=\"http:\/\/www.lilyluca.fr\" target=\"_blank\">http:\/\/www.lilyluca.fr<\/a>) &#8211; <strong>COMPLET<\/strong><\/li>\n<li><strong>dimanche 26 novembre<\/strong>\u00a02017 \u00e0\u00a0<strong>17h<strong>\u00a0<\/strong><\/strong>:<strong>\u00a0<\/strong>Co-plateau avec\u00a0<strong>Ana M<\/strong>\u00a0(<a title=\"http:\/\/compagnieboreel.wixsite.com\/ana-m\" href=\"http:\/\/compagnieboreel.wixsite.com\/ana-m\">http:\/\/compagnieboreel.wixsite.com\/ana-m<\/a>). R\u00e9servations :\u00a0<strong>theatredubonheur@gmail.com\u00a0<\/strong><\/li>\n<\/ul>\n<p>Entre temps,<strong> jeudi 12 octobre<\/strong>, \u00a0je serai en concert \u00e0 Joinville-le-pont sur la P\u00e9niche Lapin vert (<a href=\"https:\/\/www.penichelapinvert.com\/\">https:\/\/www.penichelapinvert.com\/<\/a>). \u00a0Un concert sur l&rsquo;eau, dans un endroit idyllique : les bords de Marne.\u00a0Il suffit de prendre le RER A jusqu&rsquo;\u00e0 Joinville-Le Pont, de descendre jusqu&rsquo;\u00e0 la Marne sans traverser, et la longer vers la gauche pendant 10 minutes. \u00a0Vous serez accueillis par les planchas et le sourire d\u00e9licieux de Caroline.<\/p>\n<div><\/div>\n<div>\n<div style=\"text-align: center;\"><img loading=\"lazy\" decoding=\"async\" tabindex=\"0\" alt=\"\" src=\"https:\/\/mail.google.com\/mail\/u\/0\/?ui=2&amp;ik=2f425ae955&amp;view=fimg&amp;th=15eb393929ad83ae&amp;attid=0.2&amp;disp=emb&amp;realattid=ii_j7yligwh1_15eb369554a7aa30&amp;attbid=ANGjdJ_gARJWpgkvy0UhvzN7dxSLwwKufKqhgJzH1jbg6nr3xsM0FL6f7p1-Qr4yzdhLyQdgXOe-Jc_FikSLrvnxDvPz90trbGAt6nldyMBClOu2o7u3UylBeVZ5H-I&amp;sz=w852-h442&amp;ats=1506251351563&amp;rm=15eb393929ad83ae&amp;zw&amp;atsh=1\" width=\"426\" height=\"221\" \/><\/div>\n<div style=\"text-align: left;\"><span style=\"color: #000000;\"><strong>sc\u00e8ne ouverte<\/strong>\u00a0\u00e0 l&rsquo;issue du concert ! il suffit juste de vous pr\u00e9senter en d\u00e9but de\u00a0<\/span><\/div>\n<\/div>\n<div><span style=\"color: #000000;\">soir\u00e9e et nous aurons le plaisir de d&rsquo;\u00e9couter 2 ou 3 de vos chansons !<\/span><\/p>\n<div style=\"text-align: left;\"><span style=\"color: #000000;\">Entr\u00e9e : 10 euros\u00a0\/ 8\u20ac les 10 premi\u00e8res entr\u00e9es sur\u00a0<a href=\"http:\/\/lelapinvert.us11.list-manage.com\/track\/click?u=ed4e41fbf68c59c3ddbcacfd7&amp;id=80e957349a&amp;e=2963487f11\" target=\"_blank\" data-saferedirecturl=\"https:\/\/www.google.com\/url?hl=fr&amp;q=http:\/\/lelapinvert.us11.list-manage.com\/track\/click?u%3Ded4e41fbf68c59c3ddbcacfd7%26id%3D80e957349a%26e%3D2963487f11&amp;source=gmail&amp;ust=1506337751569000&amp;usg=AFQjCNFzel1G6dhbL4--Zj0wdb9OSbf95Q\">BilletR\u00e9duc<\/a><\/span><\/div>\n<\/div>\n<div><span style=\"color: #000000;\"><strong><span style=\"font-family: arial, 'helvetica neue', helvetica, sans-serif;\"><img loading=\"lazy\" decoding=\"async\" alt=\"\" src=\"https:\/\/ci4.googleusercontent.com\/proxy\/svT1F8rpmjf1MILW0TGZbgcCXafcRL9fYZ22jiE5Yam0gmNb-KpQj5KOOb80UZ55-gyl3hyIrcSthaBm-Nr_wYjgwFDQHfDdNOh2o_Eab6X4Zgvob6Yh758cbYkIjg9LiY1gxwehGqY4y3QaDL3KgLqXKcgcVCFnOgWZ6Hs=s0-d-e1-ft#https:\/\/gallery.mailchimp.com\/ed4e41fbf68c59c3ddbcacfd7\/images\/6c4510bb-6a00-4963-8649-e3c9814862dd.png\" width=\"150\" height=\"64\" \/><\/span><br \/>\n<span style=\"font-family: arial, 'helvetica neue', helvetica, sans-serif;\">P\u00e9niche\u00a0Lapin\u00a0Vert<\/span><\/strong><br \/>\n<em>Le seul\u00a0Lapin\u00a0qui se prend pour une p\u00e9niche<\/em><br \/>\n<span style=\"text-decoration: underline;\"><strong>CONTACT<\/strong><\/span>\u00a0\/\u00a0<span style=\"text-decoration: underline;\"><strong>RESERVATION<\/strong><\/span><br \/>\n<a href=\"mailto:courrier@lelapinvert.com\" target=\"_blank\">courrier@lelapinvert.com<\/a>\u00a0&#8211;\u00a0 06 03 77 79 26<br \/>\n<a href=\"https:\/\/maps.google.com\/?q=59,+Quai+de+la+Marne+-+94340+Joinville-le-Pont&amp;entry=gmail&amp;source=g\" target=\"_blank\" data-saferedirecturl=\"https:\/\/www.google.com\/url?hl=fr&amp;q=https:\/\/maps.google.com\/?q%3D59,%2BQuai%2Bde%2Bla%2BMarne%2B-%2B94340%2BJoinville-le-Pont%26entry%3Dgmail%26source%3Dg&amp;source=gmail&amp;ust=1506337751569000&amp;usg=AFQjCNE2L125X3_8oyAa-QpZZNw8T2yJLw\">59, Quai de la Marne &#8211; 94340 Joinville-le-Pont<\/a><br \/>\n<a href=\"http:\/\/lelapinvert.us11.list-manage.com\/track\/click?u=ed4e41fbf68c59c3ddbcacfd7&amp;id=354d75af18&amp;e=2963487f11\" target=\"_blank\" data-saferedirecturl=\"https:\/\/www.google.com\/url?hl=fr&amp;q=http:\/\/lelapinvert.us11.list-manage.com\/track\/click?u%3Ded4e41fbf68c59c3ddbcacfd7%26id%3D354d75af18%26e%3D2963487f11&amp;source=gmail&amp;ust=1506337751569000&amp;usg=AFQjCNEofDefxQKs-FqtoipNxZHpqCLp0A\">www.penichelapinvert.com<\/a><br \/>\n<strong>Bar et Petite restaurartion sur place &#8211; CB accept\u00e9e<\/strong><\/span><span style=\"font-size: large;\"><br \/>\n<\/span><\/div>\n<p><span style=\"color: #000000;\"><strong>\u00a0<\/strong><\/span><\/p>\n<p>Et \u00e9galement le <strong>jeudi 5 octobre<\/strong> 2017, avec 3 autres artistes, \u00a0pour le festival de l&rsquo;automne Pourri. Puisque le Magique o\u00f9 j&rsquo;ai chant\u00e9 pendant des ann\u00e9es n&rsquo;existe plus, ce festival se perm\u00e9tue hors-les-murs dans des maisons ou appartements du 14\u00e8me arrondissement. Me contacter pour plus de d\u00e9tails. Sont \u00e9galement pr\u00e9vus dans ce cadre deux autres concerts les 6 et 7 octobre avec les autres artistes qui ont fait les belles heures du Magique.\u00a0Adresse et r\u00e9servation en \u00e9crivant \u00e0 \u00a0<a href=\"mailto:mhavet@aumagique.com\" target=\"_blank\">mhavet@aumagique.com<\/a>\u00a0ou par SMS au 0662112132.\u00a0Concert \u00e0 20h puis repas convivial avec ce que chacun apporte. Chapeau pour les artistes.<\/p>\n<p>&nbsp;<\/p>\n","protected":false},"excerpt":{"rendered":"<p>Cet automne, je vous donne rendez-vous pour 3 concerts au\u00a0Petit Th\u00e9\u00e2tre du bonheur (http:\/\/www.petittheatredubonheur.com\/)\u00a0en plein c\u0153ur de Montmartre, \u00e0 chaque fois en co-plateau avec un artiste que j&rsquo;aime : samedi [&hellip;]<\/p>\n","protected":false},"author":1,"featured_media":0,"comment_status":"closed","ping_status":"open","sticky":false,"template":"","format":"standard","meta":{"_EventAllDay":false,"_EventTimezone":"","_EventStartDate":"","_EventEndDate":"","_EventStartDateUTC":"","_EventEndDateUTC":"","_EventShowMap":false,"_EventShowMapLink":false,"_EventURL":"","_EventCost":"","_EventCostDescription":"","_EventCurrencySymbol":"","_EventCurrencyCode":"","_EventCurrencyPosition":"","_EventDateTimeSeparator":"","_EventTimeRangeSeparator":"","_EventOrganizerID":[],"_EventVenueID":[],"_OrganizerEmail":"","_OrganizerPhone":"","_OrganizerWebsite":"","_VenueAddress":"","_VenueCity":"","_VenueCountry":"","_VenueProvince":"","_VenueState":"","_VenueZip":"","_VenuePhone":"","_VenueURL":"","_VenueStateProvince":"","_VenueLat":"","_VenueLng":"","_VenueShowMap":false,"_VenueShowMapLink":false,"footnotes":""},"categories":[1],"tags":[],"class_list":["post-471","post","type-post","status-publish","format-standard","hentry","category-uncategorized"],"_links":{"self":[{"href":"https:\/\/nicolasduclos.fr\/WordPress3\/wp-json\/wp\/v2\/posts\/471","targetHints":{"allow":["GET"]}}],"collection":[{"href":"https:\/\/nicolasduclos.fr\/WordPress3\/wp-json\/wp\/v2\/posts"}],"about":[{"href":"https:\/\/nicolasduclos.fr\/WordPress3\/wp-json\/wp\/v2\/types\/post"}],"author":[{"embeddable":true,"href":"https:\/\/nicolasduclos.fr\/WordPress3\/wp-json\/wp\/v2\/users\/1"}],"replies":[{"embeddable":true,"href":"https:\/\/nicolasduclos.fr\/WordPress3\/wp-json\/wp\/v2\/comments?post=471"}],"version-history":[{"count":4,"href":"https:\/\/nicolasduclos.fr\/WordPress3\/wp-json\/wp\/v2\/posts\/471\/revisions"}],"predecessor-version":[{"id":480,"href":"https:\/\/nicolasduclos.fr\/WordPress3\/wp-json\/wp\/v2\/posts\/471\/revisions\/480"}],"wp:attachment":[{"href":"https:\/\/nicolasduclos.fr\/WordPress3\/wp-json\/wp\/v2\/media?parent=471"}],"wp:term":[{"taxonomy":"category","embeddable":true,"href":"https:\/\/nicolasduclos.fr\/WordPress3\/wp-json\/wp\/v2\/categories?post=471"},{"taxonomy":"post_tag","embeddable":true,"href":"https:\/\/nicolasduclos.fr\/WordPress3\/wp-json\/wp\/v2\/tags?post=471"}],"curies":[{"name":"wp","href":"https:\/\/api.w.org\/{rel}","templated":true}]}}