{"id":431,"date":"2017-02-18T19:36:18","date_gmt":"2017-02-18T18:36:18","guid":{"rendered":"http:\/\/nicolasduclos.fr\/WordPress3\/?p=431"},"modified":"2017-05-08T12:39:14","modified_gmt":"2017-05-08T10:39:14","slug":"en-attendant-le-printemps","status":"publish","type":"post","link":"https:\/\/nicolasduclos.fr\/WordPress3\/2017\/02\/en-attendant-le-printemps\/","title":{"rendered":"Au forum L\u00e9o Ferr\u00e9 le 18 mai (avec mes chansons) et le 9 mai (avec des chansons d&rsquo;Anne Sylvestre)"},"content":{"rendered":"<p>Le 18 mai prochain, je serai en concert au <a title=\"Forum L\u00e9o Ferr\u00e9\" href=\"http:\/\/www.forumleoferre.org\/\">Forum L\u00e9o Ferr\u00e9<\/a> (m\u00e9tro Ivry-sur-Seine).<\/p>\n<p style=\"text-align: left;\"><a href=\"http:\/\/nicolasduclos.fr\/WordPress3\/wp-content\/uploads\/2017\/02\/Flyer-Nicolas-Duclos-ForumHDverso.jpg\"><a href=\"http:\/\/nicolasduclos.fr\/WordPress3\/wp-content\/uploads\/2017\/02\/Flyer-Nicolas-Duclos-recto.jpg\"><img loading=\"lazy\" decoding=\"async\" class=\"aligncenter  wp-image-453\" alt=\"Flyer-Nicolas-Duclos-recto\" src=\"http:\/\/nicolasduclos.fr\/WordPress3\/wp-content\/uploads\/2017\/02\/Flyer-Nicolas-Duclos-recto-721x1024.jpg\" width=\"261\" height=\"370\" srcset=\"https:\/\/nicolasduclos.fr\/WordPress3\/wp-content\/uploads\/2017\/02\/Flyer-Nicolas-Duclos-recto-721x1024.jpg 721w, https:\/\/nicolasduclos.fr\/WordPress3\/wp-content\/uploads\/2017\/02\/Flyer-Nicolas-Duclos-recto-211x300.jpg 211w, https:\/\/nicolasduclos.fr\/WordPress3\/wp-content\/uploads\/2017\/02\/Flyer-Nicolas-Duclos-recto.jpg 1748w\" sizes=\"auto, (max-width: 261px) 100vw, 261px\" \/><\/a><img loading=\"lazy\" decoding=\"async\" class=\"wp-image-455 aligncenter\" alt=\"Flyer-Nicolas-Duclos-ForumHDverso\" src=\"http:\/\/nicolasduclos.fr\/WordPress3\/wp-content\/uploads\/2017\/02\/Flyer-Nicolas-Duclos-ForumHDverso-721x1024.jpg\" width=\"261\" height=\"370\" srcset=\"https:\/\/nicolasduclos.fr\/WordPress3\/wp-content\/uploads\/2017\/02\/Flyer-Nicolas-Duclos-ForumHDverso-721x1024.jpg 721w, https:\/\/nicolasduclos.fr\/WordPress3\/wp-content\/uploads\/2017\/02\/Flyer-Nicolas-Duclos-ForumHDverso-211x300.jpg 211w, https:\/\/nicolasduclos.fr\/WordPress3\/wp-content\/uploads\/2017\/02\/Flyer-Nicolas-Duclos-ForumHDverso.jpg 1748w\" sizes=\"auto, (max-width: 261px) 100vw, 261px\" \/><\/a>Et le mois prochain : un tout nouveau spectacle : La vie en Vrai, Lise Martin et Nicolas Duclos chantent Anne Sylvestre<\/p>\n<p><a href=\"http:\/\/nicolasduclos.fr\/WordPress3\/wp-content\/uploads\/2017\/02\/Flyer-Nicolas-Lise-recto.jpg\"><img loading=\"lazy\" decoding=\"async\" class=\"wp-image-457 alignleft\" alt=\"Flyer Nicolas-LiseM.indd\" src=\"http:\/\/nicolasduclos.fr\/WordPress3\/wp-content\/uploads\/2017\/02\/Flyer-Nicolas-Lise-recto-721x1024.jpg\" width=\"254\" height=\"360\" srcset=\"https:\/\/nicolasduclos.fr\/WordPress3\/wp-content\/uploads\/2017\/02\/Flyer-Nicolas-Lise-recto-721x1024.jpg 721w, https:\/\/nicolasduclos.fr\/WordPress3\/wp-content\/uploads\/2017\/02\/Flyer-Nicolas-Lise-recto-211x300.jpg 211w, https:\/\/nicolasduclos.fr\/WordPress3\/wp-content\/uploads\/2017\/02\/Flyer-Nicolas-Lise-recto.jpg 850w\" sizes=\"auto, (max-width: 254px) 100vw, 254px\" \/><\/a><\/p>\n<p><a href=\"http:\/\/nicolasduclos.fr\/WordPress3\/wp-content\/uploads\/2017\/02\/Flyer-Nicolas-Lise-verso.jpg\"><img loading=\"lazy\" decoding=\"async\" class=\"alignnone  wp-image-458\" alt=\"Flyer Nicolas-LiseM.indd\" src=\"http:\/\/nicolasduclos.fr\/WordPress3\/wp-content\/uploads\/2017\/02\/Flyer-Nicolas-Lise-verso-721x1024.jpg\" width=\"246\" height=\"350\" srcset=\"https:\/\/nicolasduclos.fr\/WordPress3\/wp-content\/uploads\/2017\/02\/Flyer-Nicolas-Lise-verso-721x1024.jpg 721w, https:\/\/nicolasduclos.fr\/WordPress3\/wp-content\/uploads\/2017\/02\/Flyer-Nicolas-Lise-verso-211x300.jpg 211w, https:\/\/nicolasduclos.fr\/WordPress3\/wp-content\/uploads\/2017\/02\/Flyer-Nicolas-Lise-verso.jpg 850w\" sizes=\"auto, (max-width: 246px) 100vw, 246px\" \/><\/a><\/p>\n<p>A\u00a0bient\u00f4t !<\/p>\n<p>Nicolas<\/p>\n","protected":false},"excerpt":{"rendered":"<p>Le 18 mai prochain, je serai en concert au Forum L\u00e9o Ferr\u00e9 (m\u00e9tro Ivry-sur-Seine). Et le mois prochain : un tout nouveau spectacle : La vie en Vrai, Lise Martin [&hellip;]<\/p>\n","protected":false},"author":1,"featured_media":0,"comment_status":"open","ping_status":"open","sticky":false,"template":"","format":"standard","meta":{"_EventAllDay":false,"_EventTimezone":"","_EventStartDate":"","_EventEndDate":"","_EventStartDateUTC":"","_EventEndDateUTC":"","_EventShowMap":false,"_EventShowMapLink":false,"_EventURL":"","_EventCost":"","_EventCostDescription":"","_EventCurrencySymbol":"","_EventCurrencyCode":"","_EventCurrencyPosition":"","_EventDateTimeSeparator":"","_EventTimeRangeSeparator":"","_EventOrganizerID":[],"_EventVenueID":[],"_OrganizerEmail":"","_OrganizerPhone":"","_OrganizerWebsite":"","_VenueAddress":"","_VenueCity":"","_VenueCountry":"","_VenueProvince":"","_VenueState":"","_VenueZip":"","_VenuePhone":"","_VenueURL":"","_VenueStateProvince":"","_VenueLat":"","_VenueLng":"","_VenueShowMap":false,"_VenueShowMapLink":false,"footnotes":""},"categories":[1],"tags":[],"class_list":["post-431","post","type-post","status-publish","format-standard","hentry","category-uncategorized"],"_links":{"self":[{"href":"https:\/\/nicolasduclos.fr\/WordPress3\/wp-json\/wp\/v2\/posts\/431","targetHints":{"allow":["GET"]}}],"collection":[{"href":"https:\/\/nicolasduclos.fr\/WordPress3\/wp-json\/wp\/v2\/posts"}],"about":[{"href":"https:\/\/nicolasduclos.fr\/WordPress3\/wp-json\/wp\/v2\/types\/post"}],"author":[{"embeddable":true,"href":"https:\/\/nicolasduclos.fr\/WordPress3\/wp-json\/wp\/v2\/users\/1"}],"replies":[{"embeddable":true,"href":"https:\/\/nicolasduclos.fr\/WordPress3\/wp-json\/wp\/v2\/comments?post=431"}],"version-history":[{"count":6,"href":"https:\/\/nicolasduclos.fr\/WordPress3\/wp-json\/wp\/v2\/posts\/431\/revisions"}],"predecessor-version":[{"id":461,"href":"https:\/\/nicolasduclos.fr\/WordPress3\/wp-json\/wp\/v2\/posts\/431\/revisions\/461"}],"wp:attachment":[{"href":"https:\/\/nicolasduclos.fr\/WordPress3\/wp-json\/wp\/v2\/media?parent=431"}],"wp:term":[{"taxonomy":"category","embeddable":true,"href":"https:\/\/nicolasduclos.fr\/WordPress3\/wp-json\/wp\/v2\/categories?post=431"},{"taxonomy":"post_tag","embeddable":true,"href":"https:\/\/nicolasduclos.fr\/WordPress3\/wp-json\/wp\/v2\/tags?post=431"}],"curies":[{"name":"wp","href":"https:\/\/api.w.org\/{rel}","templated":true}]}}