{"id":338,"date":"2016-02-15T22:22:52","date_gmt":"2016-02-15T21:22:52","guid":{"rendered":"http:\/\/nicolasduclos.fr\/WordPress3\/?p=338"},"modified":"2016-04-27T12:30:12","modified_gmt":"2016-04-27T10:30:12","slug":"prochaines-dates-au-1er-trimestre","status":"publish","type":"post","link":"https:\/\/nicolasduclos.fr\/WordPress3\/2016\/02\/prochaines-dates-au-1er-trimestre\/","title":{"rendered":"Au Vingti\u00e8me Th\u00e9\u00e2tre le 23 mai et \u00e0 bien d&rsquo;autres endroits jusqu&rsquo;\u00e0 l&rsquo;\u00e9t\u00e9"},"content":{"rendered":"<p>&nbsp;<\/p>\n<p>J&rsquo;aurai le plaisir de chanter pendant 30 minutes <strong>le 23 mai \u00e0 20h au Vingti\u00e8me Th\u00e9\u00e2tre<\/strong>, \u00a0en premi\u00e8re partie du concert de <strong>Nathalie Solence<\/strong> une tr\u00e8s belle artiste qui me touche beaucoup. Nathalie chantera s\u00fbrement 2 chansons r\u00e9centes qu&rsquo;elle a \u00e9crites et dont elle m&rsquo;a confi\u00e9 la musique, \u00a0avec de talentueux musiciens. \u00a0Je n&rsquo;ai jamais fait de concert en solo dans un aussi grand th\u00e9\u00e2tre \u00e0 Paris \u00a0alors j&rsquo;esp\u00e8re que vous serez nombreux \u00e0 venir en profiter et nous soutenir !!<\/p>\n<p><a href=\"http:\/\/nicolasduclos.fr\/WordPress3\/wp-content\/uploads\/2013\/12\/XXe-2016net.jpg\"><img loading=\"lazy\" decoding=\"async\" class=\"size-medium wp-image-355 aligncenter\" alt=\"XXe-2016net\" src=\"http:\/\/nicolasduclos.fr\/WordPress3\/wp-content\/uploads\/2013\/12\/XXe-2016net-300x209.jpg\" width=\"300\" height=\"209\" srcset=\"https:\/\/nicolasduclos.fr\/WordPress3\/wp-content\/uploads\/2013\/12\/XXe-2016net-300x209.jpg 300w, https:\/\/nicolasduclos.fr\/WordPress3\/wp-content\/uploads\/2013\/12\/XXe-2016net-1024x715.jpg 1024w, https:\/\/nicolasduclos.fr\/WordPress3\/wp-content\/uploads\/2013\/12\/XXe-2016net.jpg 1481w\" sizes=\"auto, (max-width: 300px) 100vw, 300px\" \/><\/a><\/p>\n<p><span style=\"line-height: 1.5;\">Vous trouverez ici \u00a0mes prochaines dates\u00a0<a title=\"http:\/\/nicolasduclos.fr\/WordPress3\/infosconcerts\/\" href=\"http:\/\/nicolasduclos.fr\/WordPress3\/infosconcerts\/\" target=\"_blank\">http:\/\/nicolasduclos.fr\/WordPress3\/infosconcerts\/<\/a>\u00a0ainsi que\u00a0mes derni\u00e8res vid\u00e9os de concert <\/span><a style=\"line-height: 1.5;\" title=\"Vid\u00e9os)\" href=\"http:\/\/nicolasduclos.fr\/WordPress3\/videos\/\" target=\"_blank\">http:\/\/nicolasduclos.fr\/WordPress3\/videos\/<\/a>.<\/p>\n<p>A bient\u00f4t<\/p>\n<p>Nicolas<\/p>\n","protected":false},"excerpt":{"rendered":"<p>&nbsp; J&rsquo;aurai le plaisir de chanter pendant 30 minutes le 23 mai \u00e0 20h au Vingti\u00e8me Th\u00e9\u00e2tre, \u00a0en premi\u00e8re partie du concert de Nathalie Solence une tr\u00e8s belle artiste qui [&hellip;]<\/p>\n","protected":false},"author":1,"featured_media":0,"comment_status":"open","ping_status":"open","sticky":false,"template":"","format":"standard","meta":{"_EventAllDay":false,"_EventTimezone":"","_EventStartDate":"","_EventEndDate":"","_EventStartDateUTC":"","_EventEndDateUTC":"","_EventShowMap":false,"_EventShowMapLink":false,"_EventURL":"","_EventCost":"","_EventCostDescription":"","_EventCurrencySymbol":"","_EventCurrencyCode":"","_EventCurrencyPosition":"","_EventDateTimeSeparator":"","_EventTimeRangeSeparator":"","_EventOrganizerID":[],"_EventVenueID":[],"_OrganizerEmail":"","_OrganizerPhone":"","_OrganizerWebsite":"","_VenueAddress":"","_VenueCity":"","_VenueCountry":"","_VenueProvince":"","_VenueState":"","_VenueZip":"","_VenuePhone":"","_VenueURL":"","_VenueStateProvince":"","_VenueLat":"","_VenueLng":"","_VenueShowMap":false,"_VenueShowMapLink":false,"footnotes":""},"categories":[1],"tags":[],"class_list":["post-338","post","type-post","status-publish","format-standard","hentry","category-uncategorized"],"_links":{"self":[{"href":"https:\/\/nicolasduclos.fr\/WordPress3\/wp-json\/wp\/v2\/posts\/338","targetHints":{"allow":["GET"]}}],"collection":[{"href":"https:\/\/nicolasduclos.fr\/WordPress3\/wp-json\/wp\/v2\/posts"}],"about":[{"href":"https:\/\/nicolasduclos.fr\/WordPress3\/wp-json\/wp\/v2\/types\/post"}],"author":[{"embeddable":true,"href":"https:\/\/nicolasduclos.fr\/WordPress3\/wp-json\/wp\/v2\/users\/1"}],"replies":[{"embeddable":true,"href":"https:\/\/nicolasduclos.fr\/WordPress3\/wp-json\/wp\/v2\/comments?post=338"}],"version-history":[{"count":5,"href":"https:\/\/nicolasduclos.fr\/WordPress3\/wp-json\/wp\/v2\/posts\/338\/revisions"}],"predecessor-version":[{"id":358,"href":"https:\/\/nicolasduclos.fr\/WordPress3\/wp-json\/wp\/v2\/posts\/338\/revisions\/358"}],"wp:attachment":[{"href":"https:\/\/nicolasduclos.fr\/WordPress3\/wp-json\/wp\/v2\/media?parent=338"}],"wp:term":[{"taxonomy":"category","embeddable":true,"href":"https:\/\/nicolasduclos.fr\/WordPress3\/wp-json\/wp\/v2\/categories?post=338"},{"taxonomy":"post_tag","embeddable":true,"href":"https:\/\/nicolasduclos.fr\/WordPress3\/wp-json\/wp\/v2\/tags?post=338"}],"curies":[{"name":"wp","href":"https:\/\/api.w.org\/{rel}","templated":true}]}}