{"id":305,"date":"2015-12-20T12:48:00","date_gmt":"2015-12-20T11:48:00","guid":{"rendered":"http:\/\/nicolasduclos.fr\/WordPress3\/?p=305"},"modified":"2016-01-24T14:41:56","modified_gmt":"2016-01-24T13:41:56","slug":"retour-au-forum-leo-ferre-le-vendredi-29-janvier-2016","status":"publish","type":"post","link":"https:\/\/nicolasduclos.fr\/WordPress3\/2015\/12\/retour-au-forum-leo-ferre-le-vendredi-29-janvier-2016\/","title":{"rendered":"Retour au Forum L\u00e9o Ferr\u00e9 le vendredi 29 janvier 2016"},"content":{"rendered":"<p>Le prochain rendez-vous que je vous donne ce sera au Forum L\u00e9o Ferr\u00e9 le vendredi 29 janvier 2016. En co-plateau avec Alissa Wenz qui vous fera r\u00eaver et aussi beaucoup rire. Comme les 2 ann\u00e9es pr\u00e9c\u00e9dentes je compte sur vous pour venir me\/nous soutenir et nous faire d\u00e9couvrir \u00e0 vos amis (c&rsquo;est une date importante pour nous !), et partager ce moment de f\u00eate. Et retrouvez toutes les dates pr\u00e9vues au premier semestre  2016 sur la page <b><a href=\"http:\/\/nicolasduclos.fr\/WordPress3\/infosconcerts\/\"> \u00ab\u00a0Infos Concert\u00a0\u00bb <\/a><\/b><br \/>\n<a href=\"http:\/\/nicolasduclos.fr\/WordPress3\/wp-content\/uploads\/2015\/12\/Alissa-Nicolas-ForumJPG-web.jpg\"><img loading=\"lazy\" decoding=\"async\" class=\"alignnone  wp-image-306\" alt=\"Alissa Nicolas ForumJPG web\" src=\"http:\/\/nicolasduclos.fr\/WordPress3\/wp-content\/uploads\/2015\/12\/Alissa-Nicolas-ForumJPG-web-212x300.jpg\" width=\"212\" height=\"300\" srcset=\"https:\/\/nicolasduclos.fr\/WordPress3\/wp-content\/uploads\/2015\/12\/Alissa-Nicolas-ForumJPG-web-212x300.jpg 212w, https:\/\/nicolasduclos.fr\/WordPress3\/wp-content\/uploads\/2015\/12\/Alissa-Nicolas-ForumJPG-web-724x1024.jpg 724w, https:\/\/nicolasduclos.fr\/WordPress3\/wp-content\/uploads\/2015\/12\/Alissa-Nicolas-ForumJPG-web.jpg 794w\" sizes=\"auto, (max-width: 212px) 100vw, 212px\" \/><\/a><\/p>\n<p><iframe loading=\"lazy\" width=\"560\" height=\"315\" src=\"https:\/\/www.youtube.com\/embed\/Dj2varVuGI0\" frameborder=\"0\" allowfullscreen><\/iframe><br \/>\n<iframe loading=\"lazy\" width=\"420\" height=\"315\" src=\"https:\/\/www.youtube.com\/embed\/aXUiTgJBm1w\" frameborder=\"0\" allowfullscreen><\/iframe><\/p>\n","protected":false},"excerpt":{"rendered":"<p>Le prochain rendez-vous que je vous donne ce sera au Forum L\u00e9o Ferr\u00e9 le vendredi 29 janvier 2016. En co-plateau avec Alissa Wenz qui vous fera r\u00eaver et aussi beaucoup [&hellip;]<\/p>\n","protected":false},"author":1,"featured_media":0,"comment_status":"open","ping_status":"open","sticky":false,"template":"","format":"standard","meta":{"_EventAllDay":false,"_EventTimezone":"","_EventStartDate":"","_EventEndDate":"","_EventStartDateUTC":"","_EventEndDateUTC":"","_EventShowMap":false,"_EventShowMapLink":false,"_EventURL":"","_EventCost":"","_EventCostDescription":"","_EventCurrencySymbol":"","_EventCurrencyCode":"","_EventCurrencyPosition":"","_EventDateTimeSeparator":"","_EventTimeRangeSeparator":"","_EventOrganizerID":[],"_EventVenueID":[],"_OrganizerEmail":"","_OrganizerPhone":"","_OrganizerWebsite":"","_VenueAddress":"","_VenueCity":"","_VenueCountry":"","_VenueProvince":"","_VenueState":"","_VenueZip":"","_VenuePhone":"","_VenueURL":"","_VenueStateProvince":"","_VenueLat":"","_VenueLng":"","_VenueShowMap":false,"_VenueShowMapLink":false,"footnotes":""},"categories":[1],"tags":[],"class_list":["post-305","post","type-post","status-publish","format-standard","hentry","category-uncategorized"],"_links":{"self":[{"href":"https:\/\/nicolasduclos.fr\/WordPress3\/wp-json\/wp\/v2\/posts\/305","targetHints":{"allow":["GET"]}}],"collection":[{"href":"https:\/\/nicolasduclos.fr\/WordPress3\/wp-json\/wp\/v2\/posts"}],"about":[{"href":"https:\/\/nicolasduclos.fr\/WordPress3\/wp-json\/wp\/v2\/types\/post"}],"author":[{"embeddable":true,"href":"https:\/\/nicolasduclos.fr\/WordPress3\/wp-json\/wp\/v2\/users\/1"}],"replies":[{"embeddable":true,"href":"https:\/\/nicolasduclos.fr\/WordPress3\/wp-json\/wp\/v2\/comments?post=305"}],"version-history":[{"count":14,"href":"https:\/\/nicolasduclos.fr\/WordPress3\/wp-json\/wp\/v2\/posts\/305\/revisions"}],"predecessor-version":[{"id":329,"href":"https:\/\/nicolasduclos.fr\/WordPress3\/wp-json\/wp\/v2\/posts\/305\/revisions\/329"}],"wp:attachment":[{"href":"https:\/\/nicolasduclos.fr\/WordPress3\/wp-json\/wp\/v2\/media?parent=305"}],"wp:term":[{"taxonomy":"category","embeddable":true,"href":"https:\/\/nicolasduclos.fr\/WordPress3\/wp-json\/wp\/v2\/categories?post=305"},{"taxonomy":"post_tag","embeddable":true,"href":"https:\/\/nicolasduclos.fr\/WordPress3\/wp-json\/wp\/v2\/tags?post=305"}],"curies":[{"name":"wp","href":"https:\/\/api.w.org\/{rel}","templated":true}]}}