{"id":290,"date":"2015-11-22T14:01:06","date_gmt":"2015-11-22T13:01:06","guid":{"rendered":"http:\/\/nicolasduclos.fr\/WordPress3\/?p=290"},"modified":"2015-11-22T14:01:33","modified_gmt":"2015-11-22T13:01:33","slug":"290","status":"publish","type":"post","link":"https:\/\/nicolasduclos.fr\/WordPress3\/2015\/11\/290\/","title":{"rendered":"Derniers concerts de l&rsquo;ann\u00e9e"},"content":{"rendered":"<p><a href=\"http:\/\/nicolasduclos.fr\/WordPress3\/wp-content\/uploads\/2015\/11\/Affiche-Nico2015-choisiejpeg.jpg\"><img loading=\"lazy\" decoding=\"async\" alt=\"Affiche Nico2015 choisiejpeg\" src=\"http:\/\/nicolasduclos.fr\/WordPress3\/wp-content\/uploads\/2015\/11\/Affiche-Nico2015-choisiejpeg-212x300.jpg\" width=\"212\" height=\"300\" \/><\/a><\/p>\n<div dir=\"ltr\">Bonjour \u00e0 tous.<\/div>\n<div dir=\"ltr\">\n<div>Je me doute que parmi vous il doit y en avoir qui sont touch\u00e9s directement par la trag\u00e9die du vendredi 13. Bon courage \u00e0 vous.<\/div>\n<div><\/div>\n<div>Voici le dates de mes derniers concerts de l&rsquo;ann\u00e9e (les infos sur les lieux sont regroup\u00e9es en bas du mail).<\/div>\n<div>\n<ul>\n<li><b>mercredi 25 novembre<\/b>\u00a0\u00e0 21h au Magique : Marc Havet nous invite, Jann Halexander et moi, \u00e0 m\u00e9langer nos 3 r\u00e9pertoires<\/li>\n<li><b>samedi 28 novembre\u00a0<\/b>apr\u00e8s-midi \u00e0 Fontenay-sous-bois (salle Jacques Brel) : \u00a0concert d&rsquo;une demi-heure, invit\u00e9 par R\u00e9cr\u00e9action dans le cadre de la F\u00eate des Solidarit\u00e9s<\/li>\n<li><b>vendredi 11 d\u00e9cembre\u00a0<\/b>\u00e0 20h au TOTEM (<b>Chamb\u00e9ry<\/b>), set de 40 minutes, co-plateau avec un chanteur lyrique (l&rsquo;erreur de casting, c&rsquo;est moi !) au profit du TELETHON<\/li>\n<li><b>lundi 14 d\u00e9cembre\u00a0<\/b>\u00e0 la Manufacture Chanson\u00a0en premi\u00e8re partie de Missonne (elle est merveilleuse, vraiment, venez la d\u00e9couvrir ou revenez lui faire un triomphe !)<\/li>\n<li><b>mercredi 16 d\u00e9cembre\u00a0<\/b>\u00e0 21h au Magique : Marc Havet nous invite, Pascal Olivese et moi<\/li>\n<\/ul>\n<div>Et puis je n&rsquo;y chanterai pas, mais j&rsquo;accompagne au piano Marc Havet sur une part cons\u00e9quente de son spectacle au Forum L\u00e9o Ferr\u00e9 (porte d&rsquo;Ivry) les\u00a0<b>4 et 5 d\u00e9cembre \u00e0 20h30<\/b>, pour lui permettre de passer de temps en temps en mode \u00ab\u00a0Z\u00e9bulon\u00a0\u00bb. C&rsquo;est \u00e0 la fois pour moi une joie et une douleur mais je vous garantis que vous passerez une soir\u00e9e incroyable. N&rsquo;oubliez pas de r\u00e9server en \u00e9crivant \u00e0<a href=\"mailto:resa@forumleoferre.org\" target=\"_blank\">resa@forumleoferre.org<\/a>\u00a0ou au 01 46 72 64 68, l&rsquo;an dernier c&rsquo;\u00e9tait archi-comble et les soir\u00e9es \u00e0 attendre \u00e0 l&rsquo;ext\u00e9rieur qu&rsquo;une place se lib\u00e8re \u00e0 la derni\u00e8re minute sont un peu fra\u00eeches en d\u00e9cembre.<\/div>\n<\/div>\n<div><\/div>\n<div>Les infos sur les lieux :<\/div>\n<div>\n<ul>\n<li><b>Le Magique<\/b>, 42 rue de Gergovie, Paris 14\u00e8me, m\u00e9tro Pernety, r\u00e9servation 01 45 42 26 10 \u00a0ou \u00a0<a href=\"mailto:mhavet@aumagique.com\" target=\"_blank\">mhavet@aumagique.com<\/a>, entr\u00e9e libre: consommation \u00e0 partir de 3 euros + chapeau pour les artistes. On peut diner \u00e0 partir de 20H, sur r\u00e9servation, plat du soir 11 euros,<a href=\"http:\/\/www.aumagique.com\/\" target=\"_blank\">\u00a0www.aumagique.com<\/a><\/li>\n<li><b>Salle Jacques-Brel<\/b>,<b>\u00a0<\/b>164, boulevard Gallieni 94120 Fontenay-sous-Bois<\/li>\n<li><b>Le TOTEM<\/b>, MJC de Chamb\u00e9ry (Savoie). Voir les infos sur le flyer ci-dessous<\/li>\n<li><b>ACP la manufacture Chanson, Espace Christien Dente<\/b>, 124 avenue de la R\u00e9publique, Paris 11\u00e8me (m\u00e9tro P\u00e8re Lachaise)<\/li>\n<\/ul>\n<\/div>\n<div>Ci-dessous, je remets une vid\u00e9o o\u00f9 je reprends la chanson \u00ab\u00a0Mon bateau\u00a0\u00bb de Jacques Serizier.<\/div>\n<div><b>Fluctuat nec mergitur.<\/b><\/div>\n<div>A bient\u00f4t.<\/div>\n<\/div>\n<p><iframe loading=\"lazy\" style=\"line-height: 1.5;\" src=\"https:\/\/www.youtube.com\/embed\/jq1zly1dp20\" height=\"315\" width=\"560\" allowfullscreen=\"\" frameborder=\"0\"><\/iframe><\/p>\n","protected":false},"excerpt":{"rendered":"<p>Bonjour \u00e0 tous. Je me doute que parmi vous il doit y en avoir qui sont touch\u00e9s directement par la trag\u00e9die du vendredi 13. Bon courage \u00e0 vous. Voici le [&hellip;]<\/p>\n","protected":false},"author":1,"featured_media":0,"comment_status":"open","ping_status":"open","sticky":false,"template":"","format":"standard","meta":{"_EventAllDay":false,"_EventTimezone":"","_EventStartDate":"","_EventEndDate":"","_EventStartDateUTC":"","_EventEndDateUTC":"","_EventShowMap":false,"_EventShowMapLink":false,"_EventURL":"","_EventCost":"","_EventCostDescription":"","_EventCurrencySymbol":"","_EventCurrencyCode":"","_EventCurrencyPosition":"","_EventDateTimeSeparator":"","_EventTimeRangeSeparator":"","_EventOrganizerID":[],"_EventVenueID":[],"_OrganizerEmail":"","_OrganizerPhone":"","_OrganizerWebsite":"","_VenueAddress":"","_VenueCity":"","_VenueCountry":"","_VenueProvince":"","_VenueState":"","_VenueZip":"","_VenuePhone":"","_VenueURL":"","_VenueStateProvince":"","_VenueLat":"","_VenueLng":"","_VenueShowMap":false,"_VenueShowMapLink":false,"footnotes":""},"categories":[1],"tags":[],"class_list":["post-290","post","type-post","status-publish","format-standard","hentry","category-uncategorized"],"_links":{"self":[{"href":"https:\/\/nicolasduclos.fr\/WordPress3\/wp-json\/wp\/v2\/posts\/290","targetHints":{"allow":["GET"]}}],"collection":[{"href":"https:\/\/nicolasduclos.fr\/WordPress3\/wp-json\/wp\/v2\/posts"}],"about":[{"href":"https:\/\/nicolasduclos.fr\/WordPress3\/wp-json\/wp\/v2\/types\/post"}],"author":[{"embeddable":true,"href":"https:\/\/nicolasduclos.fr\/WordPress3\/wp-json\/wp\/v2\/users\/1"}],"replies":[{"embeddable":true,"href":"https:\/\/nicolasduclos.fr\/WordPress3\/wp-json\/wp\/v2\/comments?post=290"}],"version-history":[{"count":2,"href":"https:\/\/nicolasduclos.fr\/WordPress3\/wp-json\/wp\/v2\/posts\/290\/revisions"}],"predecessor-version":[{"id":293,"href":"https:\/\/nicolasduclos.fr\/WordPress3\/wp-json\/wp\/v2\/posts\/290\/revisions\/293"}],"wp:attachment":[{"href":"https:\/\/nicolasduclos.fr\/WordPress3\/wp-json\/wp\/v2\/media?parent=290"}],"wp:term":[{"taxonomy":"category","embeddable":true,"href":"https:\/\/nicolasduclos.fr\/WordPress3\/wp-json\/wp\/v2\/categories?post=290"},{"taxonomy":"post_tag","embeddable":true,"href":"https:\/\/nicolasduclos.fr\/WordPress3\/wp-json\/wp\/v2\/tags?post=290"}],"curies":[{"name":"wp","href":"https:\/\/api.w.org\/{rel}","templated":true}]}}