{"id":285,"date":"2015-10-09T07:56:14","date_gmt":"2015-10-09T05:56:14","guid":{"rendered":"http:\/\/nicolasduclos.fr\/WordPress3\/?p=285"},"modified":"2015-10-09T07:56:14","modified_gmt":"2015-10-09T05:56:14","slug":"concert-sur-la-peniche-pourquoi-pas-mardi-prochain-et-prochaine-date-au-forum-leo-ferre","status":"publish","type":"post","link":"https:\/\/nicolasduclos.fr\/WordPress3\/2015\/10\/concert-sur-la-peniche-pourquoi-pas-mardi-prochain-et-prochaine-date-au-forum-leo-ferre\/","title":{"rendered":"Concert sur la p\u00e9niche \u00ab\u00a0Pourquoi Pas\u00a0\u00bb mardi prochain, et prochaine date au Forum L\u00e9o Ferr\u00e9"},"content":{"rendered":"<div>Bonjour,<\/div>\n<div><\/div>\n<div><b><span style=\"color: #0000ff;\">Le mardi 13 octobre,\u00a0je chanterai pour une fois \u00e0 l&rsquo;ouest de Paris, et pour la toute premi\u00e8re fois\u00a0: sur l&rsquo;eau !<\/span><\/b><\/div>\n<div><\/div>\n<div>C&rsquo;est sur\u00a0la p\u00e9niche <b>Pourquoi Pas<\/b> (pont de Suresne, bois de Boulogne, \u00e0\u00a03 stations de Tram de La D\u00e9fense), dont je partagerai la sc\u00e8ne avec Bernard Beaufr\u00e8re qui puise dans les r\u00e9pertoires des ann\u00e9es 50 et 60.\u00a0Ambiance conviviale garantie.<\/div>\n<div><\/div>\n<div>Avant le concert, le d\u00eener (en mode buffet) est compris dans le prix de la place mais il est absolument pr\u00e9f\u00e9rable\u00a0de r\u00e9server au <b>01 42 24 15 10 <\/b>pour des raisons logistiques.\u00a0 Toutes les infos en\u00a0cliquant ici: \u00a0<a href=\"http:\/\/nicolasduclos.fr\/WordPress3\/wp-content\/uploads\/2015\/09\/nicolas-duclos-et-bernard-beaufrere-au-pourquoi-pas.pdf\">nicolas duclos et bernard beaufrere au pourquoi pas<\/a>\u00a0et voici aussi\u00a0le plan d&rsquo;acc\u00e8s, utile pour trouver le parking : <a title=\"plan d'acc\u00e8s\" href=\"http:\/\/penichepourquoipas.com\/22-site-nous-trouver.html\" target=\"_blank\">http:\/\/penichepourquoipas.com\/22-site-nous-trouver.html<\/a><\/div>\n<div><\/div>\n<div>Enfin, pour ceux qui me l&rsquo;ont demand\u00e9, vous pouvez d\u00e9j\u00e0 noter la date du <b>vendredi 29 janvier 2016, pour mon prochain concert au forum L\u00e9o Ferr\u00e9 \u00e0 Ivry-sur-Seine<\/b>. Encore une fois avec un tr\u00e8s beau co-plateau dont je vous parlerai ult\u00e9rieurement.<\/div>\n<div><\/div>\n<div>A bient\u00f4t<\/div>\n","protected":false},"excerpt":{"rendered":"<p>Bonjour, Le mardi 13 octobre,\u00a0je chanterai pour une fois \u00e0 l&rsquo;ouest de Paris, et pour la toute premi\u00e8re fois\u00a0: sur l&rsquo;eau ! C&rsquo;est sur\u00a0la p\u00e9niche Pourquoi Pas (pont de Suresne, [&hellip;]<\/p>\n","protected":false},"author":1,"featured_media":0,"comment_status":"open","ping_status":"open","sticky":false,"template":"","format":"standard","meta":{"_EventAllDay":false,"_EventTimezone":"","_EventStartDate":"","_EventEndDate":"","_EventStartDateUTC":"","_EventEndDateUTC":"","_EventShowMap":false,"_EventShowMapLink":false,"_EventURL":"","_EventCost":"","_EventCostDescription":"","_EventCurrencySymbol":"","_EventCurrencyCode":"","_EventCurrencyPosition":"","_EventDateTimeSeparator":"","_EventTimeRangeSeparator":"","_EventOrganizerID":[],"_EventVenueID":[],"_OrganizerEmail":"","_OrganizerPhone":"","_OrganizerWebsite":"","_VenueAddress":"","_VenueCity":"","_VenueCountry":"","_VenueProvince":"","_VenueState":"","_VenueZip":"","_VenuePhone":"","_VenueURL":"","_VenueStateProvince":"","_VenueLat":"","_VenueLng":"","_VenueShowMap":false,"_VenueShowMapLink":false,"footnotes":""},"categories":[1],"tags":[],"class_list":["post-285","post","type-post","status-publish","format-standard","hentry","category-uncategorized"],"_links":{"self":[{"href":"https:\/\/nicolasduclos.fr\/WordPress3\/wp-json\/wp\/v2\/posts\/285","targetHints":{"allow":["GET"]}}],"collection":[{"href":"https:\/\/nicolasduclos.fr\/WordPress3\/wp-json\/wp\/v2\/posts"}],"about":[{"href":"https:\/\/nicolasduclos.fr\/WordPress3\/wp-json\/wp\/v2\/types\/post"}],"author":[{"embeddable":true,"href":"https:\/\/nicolasduclos.fr\/WordPress3\/wp-json\/wp\/v2\/users\/1"}],"replies":[{"embeddable":true,"href":"https:\/\/nicolasduclos.fr\/WordPress3\/wp-json\/wp\/v2\/comments?post=285"}],"version-history":[{"count":1,"href":"https:\/\/nicolasduclos.fr\/WordPress3\/wp-json\/wp\/v2\/posts\/285\/revisions"}],"predecessor-version":[{"id":287,"href":"https:\/\/nicolasduclos.fr\/WordPress3\/wp-json\/wp\/v2\/posts\/285\/revisions\/287"}],"wp:attachment":[{"href":"https:\/\/nicolasduclos.fr\/WordPress3\/wp-json\/wp\/v2\/media?parent=285"}],"wp:term":[{"taxonomy":"category","embeddable":true,"href":"https:\/\/nicolasduclos.fr\/WordPress3\/wp-json\/wp\/v2\/categories?post=285"},{"taxonomy":"post_tag","embeddable":true,"href":"https:\/\/nicolasduclos.fr\/WordPress3\/wp-json\/wp\/v2\/tags?post=285"}],"curies":[{"name":"wp","href":"https:\/\/api.w.org\/{rel}","templated":true}]}}