{"id":279,"date":"2015-09-24T20:11:21","date_gmt":"2015-09-24T18:11:21","guid":{"rendered":"http:\/\/nicolasduclos.fr\/WordPress3\/?p=279"},"modified":"2015-09-24T20:11:21","modified_gmt":"2015-09-24T18:11:21","slug":"rentree-2015","status":"publish","type":"post","link":"https:\/\/nicolasduclos.fr\/WordPress3\/2015\/09\/rentree-2015\/","title":{"rendered":"Rentr\u00e9e 2015 !"},"content":{"rendered":"<p>Bonsoir,<\/p>\n<p>Voici les deux premiers rendez-vous que je vous propose pour cette rentr\u00e9e en chanson.<\/p>\n<p>Le <strong>samedi 3 octobre<\/strong> je chanterai au Magique (Paris 14\u00e8me) dans la derni\u00e8re soir\u00e9e de l&rsquo;inmanquable FAP (Festival de l&rsquo;Automne Pourri). Ne manquez pas cette soir\u00e9e magique o\u00f9 je partagerai la sc\u00e8ne avec Nathalie Solence, Alissa Wenz et Marc Havet. Et retrouvez ci-dessous le programme complet de cette semaine festive avec 4 artistes par soir.<\/p>\n<p>Le <strong>mardi 13 octobre<\/strong> je chanterai sur la p\u00e9niche Pourquoi Pas (pont de Suresne, bois de Boulogne, \u00e0 4 stations de Tram de La D\u00e9fense). Je partagerai la sc\u00e8ne avec Bernard Beaufr\u00e8re qui puise dans les r\u00e9pertoires des ann\u00e9es 50 et 60. Avant le concert, le d\u00eener (en mode buffet) est compris dans le prix de la place. Ambiance conviviale garantie. Toutes les infos dans le PDF \u00a0accessible en cliquant ici :\u00a0<a title=\"en cliquant ici (fichier PDF)\" href=\"http:\/\/nicolasduclos.fr\/WordPress3\/wp-content\/uploads\/2015\/09\/nicolas-duclos-et-bernard-beaufrere-au-pourquoi-pas.pdf\">nicolas duclos et bernard beaufrere au pourquoi pas<\/a><\/p>\n<p>A bient\u00f4t<br \/>\n&#8212;<br \/>\n__________________________________<\/p>\n<p>Nicolas Duclos Chanson<br \/>\nextraits de chansons, CDs et<br \/>\ndates de concerts disponibles<br \/>\nsur www.nicolasduclos.fr<br \/>\n__________________________________<\/p>\n<p>&#8212;&#8212;&#8212;- Message transf\u00e9r\u00e9 &#8212;&#8212;&#8212;-<br \/>\nDe : Au Magique &lt;mhavet@aumagique.com&gt;<br \/>\nDate : 15 septembre 2015 18:17<br \/>\nObjet : * Festival de l&rsquo;Automne pourri * au Magique !<br \/>\n\u00c0 :<\/p>\n<p>Festival de l\u2019Automne pourri<br \/>\ndu mercredi 30 septembre au samedi 3 octobre<br \/>\nmercredi 30: Soir\u00e9e autour de Gaston Cout\u00e9, avec<br \/>\nM\u00e9rillon, Catherine Patissier, Bernard Beaufr\u00e8re, Vania et ses invit\u00e9s<br \/>\njeudi 1: Eric mon \u00e9l\u00e9phant, Georges K, H\u00e9l\u00e8ne Gerray, Vincent Ahn<br \/>\nvendredi 2: Evelyne Neuvelt, Henry L, Toquade, Jules Bourdeaux<br \/>\nsamedi 3: Alissa Wenz, Nicolas Duclos, Nathalie Solence, Marc Havet<br \/>\nAU MAGIQUE<br \/>\n42 RUE DE GERGOVIE 75014 PARIS<br \/>\nR\u00e9servation : 01 45 42 26 10 ou mhavet@aumagique.com<br \/>\nspectacles \u00e0 21 H<br \/>\nconsommation \u00e0 partir de 3 euros + chapeau pour les artistes<br \/>\non peut diner \u00e0 partir de 20H, sur r\u00e9servation: plat du soir 11 euros<br \/>\nwww.aumagique.com<\/p>\n<p>&nbsp;<\/p>\n","protected":false},"excerpt":{"rendered":"<p>Bonsoir, Voici les deux premiers rendez-vous que je vous propose pour cette rentr\u00e9e en chanson. Le samedi 3 octobre je chanterai au Magique (Paris 14\u00e8me) dans la derni\u00e8re soir\u00e9e de [&hellip;]<\/p>\n","protected":false},"author":1,"featured_media":0,"comment_status":"open","ping_status":"open","sticky":false,"template":"","format":"standard","meta":{"_EventAllDay":false,"_EventTimezone":"","_EventStartDate":"","_EventEndDate":"","_EventStartDateUTC":"","_EventEndDateUTC":"","_EventShowMap":false,"_EventShowMapLink":false,"_EventURL":"","_EventCost":"","_EventCostDescription":"","_EventCurrencySymbol":"","_EventCurrencyCode":"","_EventCurrencyPosition":"","_EventDateTimeSeparator":"","_EventTimeRangeSeparator":"","_EventOrganizerID":[],"_EventVenueID":[],"_OrganizerEmail":"","_OrganizerPhone":"","_OrganizerWebsite":"","_VenueAddress":"","_VenueCity":"","_VenueCountry":"","_VenueProvince":"","_VenueState":"","_VenueZip":"","_VenuePhone":"","_VenueURL":"","_VenueStateProvince":"","_VenueLat":"","_VenueLng":"","_VenueShowMap":false,"_VenueShowMapLink":false,"footnotes":""},"categories":[1],"tags":[],"class_list":["post-279","post","type-post","status-publish","format-standard","hentry","category-uncategorized"],"_links":{"self":[{"href":"https:\/\/nicolasduclos.fr\/WordPress3\/wp-json\/wp\/v2\/posts\/279","targetHints":{"allow":["GET"]}}],"collection":[{"href":"https:\/\/nicolasduclos.fr\/WordPress3\/wp-json\/wp\/v2\/posts"}],"about":[{"href":"https:\/\/nicolasduclos.fr\/WordPress3\/wp-json\/wp\/v2\/types\/post"}],"author":[{"embeddable":true,"href":"https:\/\/nicolasduclos.fr\/WordPress3\/wp-json\/wp\/v2\/users\/1"}],"replies":[{"embeddable":true,"href":"https:\/\/nicolasduclos.fr\/WordPress3\/wp-json\/wp\/v2\/comments?post=279"}],"version-history":[{"count":2,"href":"https:\/\/nicolasduclos.fr\/WordPress3\/wp-json\/wp\/v2\/posts\/279\/revisions"}],"predecessor-version":[{"id":284,"href":"https:\/\/nicolasduclos.fr\/WordPress3\/wp-json\/wp\/v2\/posts\/279\/revisions\/284"}],"wp:attachment":[{"href":"https:\/\/nicolasduclos.fr\/WordPress3\/wp-json\/wp\/v2\/media?parent=279"}],"wp:term":[{"taxonomy":"category","embeddable":true,"href":"https:\/\/nicolasduclos.fr\/WordPress3\/wp-json\/wp\/v2\/categories?post=279"},{"taxonomy":"post_tag","embeddable":true,"href":"https:\/\/nicolasduclos.fr\/WordPress3\/wp-json\/wp\/v2\/tags?post=279"}],"curies":[{"name":"wp","href":"https:\/\/api.w.org\/{rel}","templated":true}]}}