{"id":159,"date":"2014-12-14T23:21:00","date_gmt":"2014-12-14T22:21:00","guid":{"rendered":"http:\/\/nicolasduclos.fr\/WordPress3\/?p=159"},"modified":"2015-01-20T00:28:14","modified_gmt":"2015-01-19T23:28:14","slug":"nicolas-duclos-en-concert-avec-yann-denis-le-vendredi-6-fevrier-au-forum-leo-ferre","status":"publish","type":"post","link":"https:\/\/nicolasduclos.fr\/WordPress3\/2014\/12\/nicolas-duclos-en-concert-avec-yann-denis-le-vendredi-6-fevrier-au-forum-leo-ferre\/","title":{"rendered":"Nicolas Duclos en concert avec Yann Denis le vendredi 6 f\u00e9vrier au Forum L\u00e9o Ferr\u00e9"},"content":{"rendered":"<p>Date importante pour Nicolas Duclos le<strong> Vendredi 6 f\u00e9vrier 2015 \u00e0 20h30.<\/strong> Il sera de retour au<strong> Forum L\u00e9o Ferr\u00e9 <\/strong>(Porte d&rsquo;Ivry)<strong>, \u00a0en co-plateau<\/strong>\u00a0cette fois-ci\u00a0<strong>avec Yann Denis (<\/strong>qui interpr\u00e9tera son spectacle\u00a0<strong>\u00ab\u00a0La Valse de Brel\u00a0\u00bb<\/strong>\u00a0avec au piano le magnifique\u00a0<strong>Jean-Louis Beydon<\/strong>). Les r\u00e9servations, tr\u00e8s conseill\u00e9es, sont d\u00e9j\u00e0 ouvertes, en ligne sur le site du\u00a0<a href=\"http:\/\/www.forumleoferre.org\/\" target=\"_blank\">forum L\u00e9o Ferr\u00e9<\/a>, par mail (resa@forumleoferre.org\u00a0) ou par t\u00e9l\u00e9phone (01 46 72 64 68). On peut d\u00eener de 19h \u00e0 20h15, c\u2019est m\u00eame la meilleure fa\u00e7on d\u2019appr\u00e9cier ce lieu convivial d\u00e9di\u00e9 \u00e0 la chanson et au spectacle vivant.<\/p>\n<p><a href=\"http:\/\/nicolasduclos.fr\/WordPress3\/wp-content\/uploads\/2014\/12\/Flyer_Nicolas_Duclos_web_Leo_Ferre.jpg\"><img loading=\"lazy\" decoding=\"async\" src=\"http:\/\/nicolasduclos.fr\/WordPress3\/wp-content\/uploads\/2014\/12\/Flyer_Nicolas_Duclos_web_Leo_Ferre-200x300.jpg\" alt=\"Flyer_Nicolas_Duclos_web_Leo_Ferre\" width=\"200\" height=\"300\" class=\"alignnone size-medium wp-image-212\" srcset=\"https:\/\/nicolasduclos.fr\/WordPress3\/wp-content\/uploads\/2014\/12\/Flyer_Nicolas_Duclos_web_Leo_Ferre-200x300.jpg 200w, https:\/\/nicolasduclos.fr\/WordPress3\/wp-content\/uploads\/2014\/12\/Flyer_Nicolas_Duclos_web_Leo_Ferre-682x1024.jpg 682w, https:\/\/nicolasduclos.fr\/WordPress3\/wp-content\/uploads\/2014\/12\/Flyer_Nicolas_Duclos_web_Leo_Ferre.jpg 748w\" sizes=\"auto, (max-width: 200px) 100vw, 200px\" \/><\/a><\/p>\n<p>D&rsquo;autres dates de concert pour d\u00e9but 2015 sont d\u00e9j\u00e0 indiqu\u00e9es dans la rubrique \u00ab\u00a0Infos Concerts\u00a0\u00bb<\/p>\n","protected":false},"excerpt":{"rendered":"<p>Date importante pour Nicolas Duclos le Vendredi 6 f\u00e9vrier 2015 \u00e0 20h30. Il sera de retour au Forum L\u00e9o Ferr\u00e9 (Porte d&rsquo;Ivry), \u00a0en co-plateau\u00a0cette fois-ci\u00a0avec Yann Denis (qui interpr\u00e9tera son [&hellip;]<\/p>\n","protected":false},"author":1,"featured_media":0,"comment_status":"open","ping_status":"open","sticky":false,"template":"","format":"standard","meta":{"_EventAllDay":false,"_EventTimezone":"","_EventStartDate":"","_EventEndDate":"","_EventStartDateUTC":"","_EventEndDateUTC":"","_EventShowMap":false,"_EventShowMapLink":false,"_EventURL":"","_EventCost":"","_EventCostDescription":"","_EventCurrencySymbol":"","_EventCurrencyCode":"","_EventCurrencyPosition":"","_EventDateTimeSeparator":"","_EventTimeRangeSeparator":"","_EventOrganizerID":[],"_EventVenueID":[],"_OrganizerEmail":"","_OrganizerPhone":"","_OrganizerWebsite":"","_VenueAddress":"","_VenueCity":"","_VenueCountry":"","_VenueProvince":"","_VenueState":"","_VenueZip":"","_VenuePhone":"","_VenueURL":"","_VenueStateProvince":"","_VenueLat":"","_VenueLng":"","_VenueShowMap":false,"_VenueShowMapLink":false,"footnotes":""},"categories":[1],"tags":[],"class_list":["post-159","post","type-post","status-publish","format-standard","hentry","category-uncategorized"],"_links":{"self":[{"href":"https:\/\/nicolasduclos.fr\/WordPress3\/wp-json\/wp\/v2\/posts\/159","targetHints":{"allow":["GET"]}}],"collection":[{"href":"https:\/\/nicolasduclos.fr\/WordPress3\/wp-json\/wp\/v2\/posts"}],"about":[{"href":"https:\/\/nicolasduclos.fr\/WordPress3\/wp-json\/wp\/v2\/types\/post"}],"author":[{"embeddable":true,"href":"https:\/\/nicolasduclos.fr\/WordPress3\/wp-json\/wp\/v2\/users\/1"}],"replies":[{"embeddable":true,"href":"https:\/\/nicolasduclos.fr\/WordPress3\/wp-json\/wp\/v2\/comments?post=159"}],"version-history":[{"count":5,"href":"https:\/\/nicolasduclos.fr\/WordPress3\/wp-json\/wp\/v2\/posts\/159\/revisions"}],"predecessor-version":[{"id":218,"href":"https:\/\/nicolasduclos.fr\/WordPress3\/wp-json\/wp\/v2\/posts\/159\/revisions\/218"}],"wp:attachment":[{"href":"https:\/\/nicolasduclos.fr\/WordPress3\/wp-json\/wp\/v2\/media?parent=159"}],"wp:term":[{"taxonomy":"category","embeddable":true,"href":"https:\/\/nicolasduclos.fr\/WordPress3\/wp-json\/wp\/v2\/categories?post=159"},{"taxonomy":"post_tag","embeddable":true,"href":"https:\/\/nicolasduclos.fr\/WordPress3\/wp-json\/wp\/v2\/tags?post=159"}],"curies":[{"name":"wp","href":"https:\/\/api.w.org\/{rel}","templated":true}]}}