{"id":126,"date":"2014-05-27T22:20:18","date_gmt":"2014-05-27T20:20:18","guid":{"rendered":"http:\/\/nicolasduclos.fr\/WordPress3\/?p=126"},"modified":"2014-05-27T22:22:09","modified_gmt":"2014-05-27T20:22:09","slug":"nicolas-duclos-chante-au-forum-leo-ferre-lundi-9-juin-a-loccasion-des-3-jours-de-fete","status":"publish","type":"post","link":"https:\/\/nicolasduclos.fr\/WordPress3\/2014\/05\/nicolas-duclos-chante-au-forum-leo-ferre-lundi-9-juin-a-loccasion-des-3-jours-de-fete\/","title":{"rendered":"Nicolas Duclos chante au forum L\u00e9o Ferr\u00e9 lundi 9 juin \u00e0 l&rsquo;occasion des 3 Jours de f\u00eate !"},"content":{"rendered":"<div>\n<div>Les<b>\u00a07, 8 et 9 Juin prochains<\/b>,\u00a0<b>3 jours de f\u00eate exceptionnelle au Forum L\u00e9o Ferr\u00e9\u00a0<\/b>pour f\u00eater la fin de la saison et encourager ce lieu mythique d\u00e9di\u00e9 \u00e0 la chanson et au spectacle vivant, qui a entam\u00e9 cette ann\u00e9e une belle nouvelle page de son existence.<\/div>\n<div><\/div>\n<div><b>3 concerts exceptionnels avec 5 artistes par soir.<\/b><\/div>\n<div><b>Et j&rsquo;ai le grand plaisir (!!!) de chanter lors du concert du 9 juin \u00e0 17h (lundi de pentec\u00f4te).<br \/>\n<\/b><\/div>\n<div><b>Avec 4 autres artistes bien plus agu\u00e9ris que moi dont mon ami le talentueux Marc Havet.<\/b><\/div>\n<div><\/div>\n<div>Alors venez nombreux pour m&rsquo;aider \u00e0 remercier ce lieu magique et chaleureux, qui encourage les chanteurs comme moi et qui m&rsquo;a donn\u00e9 ma chance pour le beau concert de Janvier avec Pascal Oliv\u00e8se (voir vid\u00e9o tout en bas). Ce sera probablement mon dernier concert de la saison.<\/div>\n<div>\n<div dir=\"ltr\" lang=\"FR\">\n<div dir=\"ltr\">\n<div>\n<div><\/div>\n<div dir=\"ltr\">\n<div>\n<div>\n<div align=\"center\"><span style=\"font-family: 'Comic Sans MS'; font-size: xx-large;\"><strong>Lundi 9 juin \u00e0 17 H<\/strong><\/span><\/div>\n<div><\/div>\n<div dir=\"ltr\">\n<div>\n<div>\n<div align=\"center\"><span style=\"font-family: 'Comic Sans MS'; font-size: xx-large;\"><strong><span style=\"color: #ff0000;\">Marc Havet<\/span>\u00a0\u00a0\u00a0<span style=\"color: #c0504d;\">Nicolas Duclos<\/span><\/strong><\/span><\/div>\n<div>\n<div>\n<div><\/div>\n<div dir=\"ltr\" align=\"center\">\n<div>\n<div>\n<div>\n<div>\n<div>\n<div>\n<div>\n<div><span style=\"font-size: xx-large;\"><span style=\"color: #9b00d3; font-family: 'Comic Sans MS';\">C\u00e9line Caussimon<\/span>\u00a0<span style=\"color: #9b00d3; font-family: 'Comic Sans MS';\">\u00a0<span style=\"color: #9bbb59;\">Simon Autain<\/span><\/span><\/span><\/div>\n<p dir=\"ltr\" align=\"center\"><span style=\"font-family: 'Comic Sans MS'; font-size: xx-large;\">et\u00a0<span style=\"color: #ff8000;\">Laurent Viel<\/span>\u00a0chanteront au<\/span><\/p>\n<p dir=\"ltr\" align=\"center\"><strong><span style=\"color: #ff3333; font-family: 'Comic Sans MS'; font-size: xx-large;\">Concert de soutien<\/span><\/strong><\/p>\n<p dir=\"ltr\" align=\"center\">\u00a0<b><span style=\"font-size: xx-large;\">au Forum L\u00e9o Ferr\u00e9<\/span><\/b><\/p>\n<p dir=\"ltr\" align=\"center\"><span style=\"color: #000000;\"><span style=\"font-size: large;\"><span style=\"font-family: Arial;\">11 rue Barb\u00e8s\u00a0 94200\u00a0 Ivry sur Seine<\/span>\u00a0<\/span><\/span><\/p>\n<p dir=\"ltr\" align=\"center\"><span style=\"color: #000000;\"><span style=\"font-family: Arial; font-size: medium;\">face au vieux moulin\u00a0 m\u00e9tro ou tram Porte d\u2019Ivry<\/span><\/span><\/p>\n<p dir=\"ltr\" align=\"center\"><span style=\"font-family: Calibri; font-size: medium;\">pour r\u00e9server consultez\u00a0\u00a0<\/span><a href=\"http:\/\/www.forumleoferre.org\/\" target=\"_blank\"><span style=\"font-size: medium;\">www.forumleoferre.<wbr \/>org<\/span><\/a><span style=\"font-family: Calibri; font-size: medium;\">\u00a0 \u00e0 la rubrique\u00a0<em>r\u00e9servation<\/em><\/span><em>\u00a0<\/em><\/p>\n<p dir=\"ltr\" align=\"center\"><a href=\"http:\/\/nicolasduclos.fr\/WordPress3\/wp-content\/uploads\/2014\/05\/jourdefeteauforumleoferre2014.jpg\"><img loading=\"lazy\" decoding=\"async\" class=\"alignnone size-medium wp-image-129\" alt=\"jourdefeteauforumleoferre2014\" src=\"http:\/\/nicolasduclos.fr\/WordPress3\/wp-content\/uploads\/2014\/05\/jourdefeteauforumleoferre2014-144x300.jpg\" width=\"144\" height=\"300\" srcset=\"https:\/\/nicolasduclos.fr\/WordPress3\/wp-content\/uploads\/2014\/05\/jourdefeteauforumleoferre2014-144x300.jpg 144w, https:\/\/nicolasduclos.fr\/WordPress3\/wp-content\/uploads\/2014\/05\/jourdefeteauforumleoferre2014-491x1024.jpg 491w, https:\/\/nicolasduclos.fr\/WordPress3\/wp-content\/uploads\/2014\/05\/jourdefeteauforumleoferre2014.jpg 600w\" sizes=\"auto, (max-width: 144px) 100vw, 144px\" \/><a href=\"http:\/\/nicolasduclos.fr\/WordPress3\/wp-content\/uploads\/2014\/05\/jourdefeteauforumleoferre2014_2.jpg\"><img loading=\"lazy\" decoding=\"async\" class=\"alignnone size-medium wp-image-131\" alt=\"jourdefeteauforumleoferre2014_2\" src=\"http:\/\/nicolasduclos.fr\/WordPress3\/wp-content\/uploads\/2014\/05\/jourdefeteauforumleoferre2014_2-142x300.jpg\" width=\"142\" height=\"300\" srcset=\"https:\/\/nicolasduclos.fr\/WordPress3\/wp-content\/uploads\/2014\/05\/jourdefeteauforumleoferre2014_2-142x300.jpg 142w, https:\/\/nicolasduclos.fr\/WordPress3\/wp-content\/uploads\/2014\/05\/jourdefeteauforumleoferre2014_2-484x1024.jpg 484w, https:\/\/nicolasduclos.fr\/WordPress3\/wp-content\/uploads\/2014\/05\/jourdefeteauforumleoferre2014_2.jpg 600w\" sizes=\"auto, (max-width: 142px) 100vw, 142px\" \/><\/a><\/a><\/p>\n<\/div>\n<\/div>\n<\/div>\n<\/div>\n<\/div>\n<\/div>\n<\/div>\n<\/div>\n<\/div>\n<\/div>\n<\/div>\n<\/div>\n<\/div>\n<\/div>\n<\/div>\n<\/div>\n<\/div>\n<\/div>\n<\/div>\n<div><\/div>\n<\/div>\n<\/div>\n<div>A bient\u00f4t !<\/div>\n","protected":false},"excerpt":{"rendered":"<p>Les\u00a07, 8 et 9 Juin prochains,\u00a03 jours de f\u00eate exceptionnelle au Forum L\u00e9o Ferr\u00e9\u00a0pour f\u00eater la fin de la saison et encourager ce lieu mythique d\u00e9di\u00e9 \u00e0 la chanson et [&hellip;]<\/p>\n","protected":false},"author":1,"featured_media":0,"comment_status":"open","ping_status":"open","sticky":false,"template":"","format":"standard","meta":{"_EventAllDay":false,"_EventTimezone":"","_EventStartDate":"","_EventEndDate":"","_EventStartDateUTC":"","_EventEndDateUTC":"","_EventShowMap":false,"_EventShowMapLink":false,"_EventURL":"","_EventCost":"","_EventCostDescription":"","_EventCurrencySymbol":"","_EventCurrencyCode":"","_EventCurrencyPosition":"","_EventDateTimeSeparator":"","_EventTimeRangeSeparator":"","_EventOrganizerID":[],"_EventVenueID":[],"_OrganizerEmail":"","_OrganizerPhone":"","_OrganizerWebsite":"","_VenueAddress":"","_VenueCity":"","_VenueCountry":"","_VenueProvince":"","_VenueState":"","_VenueZip":"","_VenuePhone":"","_VenueURL":"","_VenueStateProvince":"","_VenueLat":"","_VenueLng":"","_VenueShowMap":false,"_VenueShowMapLink":false,"footnotes":""},"categories":[1],"tags":[],"class_list":["post-126","post","type-post","status-publish","format-standard","hentry","category-uncategorized"],"_links":{"self":[{"href":"https:\/\/nicolasduclos.fr\/WordPress3\/wp-json\/wp\/v2\/posts\/126","targetHints":{"allow":["GET"]}}],"collection":[{"href":"https:\/\/nicolasduclos.fr\/WordPress3\/wp-json\/wp\/v2\/posts"}],"about":[{"href":"https:\/\/nicolasduclos.fr\/WordPress3\/wp-json\/wp\/v2\/types\/post"}],"author":[{"embeddable":true,"href":"https:\/\/nicolasduclos.fr\/WordPress3\/wp-json\/wp\/v2\/users\/1"}],"replies":[{"embeddable":true,"href":"https:\/\/nicolasduclos.fr\/WordPress3\/wp-json\/wp\/v2\/comments?post=126"}],"version-history":[{"count":4,"href":"https:\/\/nicolasduclos.fr\/WordPress3\/wp-json\/wp\/v2\/posts\/126\/revisions"}],"predecessor-version":[{"id":132,"href":"https:\/\/nicolasduclos.fr\/WordPress3\/wp-json\/wp\/v2\/posts\/126\/revisions\/132"}],"wp:attachment":[{"href":"https:\/\/nicolasduclos.fr\/WordPress3\/wp-json\/wp\/v2\/media?parent=126"}],"wp:term":[{"taxonomy":"category","embeddable":true,"href":"https:\/\/nicolasduclos.fr\/WordPress3\/wp-json\/wp\/v2\/categories?post=126"},{"taxonomy":"post_tag","embeddable":true,"href":"https:\/\/nicolasduclos.fr\/WordPress3\/wp-json\/wp\/v2\/tags?post=126"}],"curies":[{"name":"wp","href":"https:\/\/api.w.org\/{rel}","templated":true}]}}